{"id":103,"date":"2018-03-28T17:48:44","date_gmt":"2018-03-28T17:48:44","guid":{"rendered":"https:\/\/rccacre.com.br\/site\/?p=103"},"modified":"2018-03-28T17:48:44","modified_gmt":"2018-03-28T17:48:44","slug":"transfiguracao-acontecimento-da-oracao","status":"publish","type":"post","link":"https:\/\/rccacre.com.br\/site\/2018\/03\/28\/transfiguracao-acontecimento-da-oracao\/","title":{"rendered":"Transfigura\u00e7\u00e3o: acontecimento da ora\u00e7\u00e3o"},"content":{"rendered":"<p>\u201cJesus tomou consigo Pedro, Tiago e Jo\u00e3o, e os levou sozinhos a um lugar \u00e0 parte, sobre uma montanha. E transfigurou-se diante deles\u201d (Mc 9,2)<\/p>\n<p>Quando lemos estas palavras de Marcos tamb\u00e9m ficamos impressionados com o acontecimento. Diante dos olhos dos disc\u00edpulos, Jesus \u201ctransfigurou-se\u201d. O que acontece neste instante narrado pelo evangelista \u00e9 a manifesta\u00e7\u00e3o da gl\u00f3ria escondida, transparecendo sua verdadeira ess\u00eancia. Jesus deixa vis\u00edvel para os disc\u00edpulos mais \u00edntimos sua natureza e gl\u00f3ria divina.<\/p>\n<p>Ele os chama \u00e0 intimidade e nela permite que Pedro, Tiago e Jo\u00e3o os vejam glorioso ao lado dos grandes profetas do Antigo Testamento, Mois\u00e9s e Elias. O pequeno n\u00famero de seus seguidores neste relato mostra que Jesus se revela a quem Ele chama para perto de si. Assim, \u00e9 na conviv\u00eancia com o Senhor que sua gl\u00f3ria divina se manifesta aos nossos olhos e principalmente na vida de quem o segue.<\/p>\n<p>A Transfigura\u00e7\u00e3o ocorre na intimidade daquela montanha, ali aquela manifesta\u00e7\u00e3o \u00e9 a antecipa\u00e7\u00e3o da vis\u00e3o gloriosa do Cristo Ressuscitado, que haveria de se realizar ap\u00f3s o calv\u00e1rio. H\u00e1 um detalhe significativo na narrativa do Evangelho sobre este epis\u00f3dio. A transfigura\u00e7\u00e3o acontece diante de apenas tr\u00eas disc\u00edpulos e num lugar retirado. Eles s\u00e3o levados por Jesus \u201ca um lugar \u00e0 parte, sobre uma montanha\u201d.<\/p>\n<p>Entendemos ent\u00e3o esse \u201clugar\u201d como o local da proximidade com Deus. Logo, este lugar para n\u00f3s \u00e9 a ora\u00e7\u00e3o. Por ela, tamb\u00e9m n\u00f3s podemos nos aproximar do Senhor, conhecer sua vontade e deixar que Ele fale ao nosso cora\u00e7\u00e3o, revelando-se a n\u00f3s.<\/p>\n<p>O Papa em\u00e9rito Bento XVI ensina, no livro Jesus de Nazar\u00e9 (Ed. Planeta), que \u201c (&#8230;) a Transfigura\u00e7\u00e3o \u00e9 um acontecimento da ora\u00e7\u00e3o\u201d. Segundo ele, \u201ctorna-se claro o que acontece no di\u00e1logo de Jesus com o Pai: a mais \u00edntima penetra\u00e7\u00e3o do seu ser com Deus, que se torna pura luz\u201d. Tamb\u00e9m explica o Papa em\u00e9rito que \u201cna sua unidade com o Pai, o pr\u00f3prio Jesus \u00e9 luz de luz\u201d e \u201co que Ele \u00e9 no seu mais intimo, (&#8230;), torna-se sensivelmente percept\u00edvel nesse momento\u201d (p. 264).<\/p>\n<p>Neste sentido, voltamos aqui a este importante tema da vida crist\u00e3, a ora\u00e7\u00e3o. Mas especialmente, tratamos da ora\u00e7\u00e3o \u00edntima ou pessoal como costumamos chamar na RCC.<\/p>\n<p>Parece-nos cada vez mais necess\u00e1rio exortar uns aos outros quanto a esta urg\u00eancia. \u00c9 preciso voltar a uma vida constante de ora\u00e7\u00e3o, de perman\u00eancia na presen\u00e7a do Senhor, de intimidade com Ele.<\/p>\n<p>\u00c9 na ora\u00e7\u00e3o que Cristo se revela, mostra-nos o Pai e doa Seu Esp\u00edrito Santo a n\u00f3s. Sua gl\u00f3ria divina \u00e9 manifestada para que tenhamos for\u00e7a na caminhada, ardor apost\u00f3lico na miss\u00e3o e, especialmente, nos mantenhamos em comunh\u00e3o com Ele.<\/p>\n<p>Este \u00e9 um tempo oportuno. A quaresma incentiva a nos empenharmos na busca desta estreita rela\u00e7\u00e3o de intimidade com Jesus. Atrav\u00e9s da vida de ora\u00e7\u00e3o o Senhor quer manifestar sua gl\u00f3ria sobre n\u00f3s, revelando sua miseric\u00f3rdia e compaix\u00e3o, seu apelo a convers\u00e3o e a santidade, nos capacitando a darmos um sincero testemunho de vida crist\u00e3.<\/p>\n<p>Marcos explica ainda a Transfigura\u00e7\u00e3o da seguinte forma: \u201c (&#8230;) Suas roupas ficaram brilhantes e t\u00e3o brancas como nenhuma lavadeira sobre a terra poderia alvejar\u201d (Mc 9, 3). Esta explica\u00e7\u00e3o nos aproxima daquela imagem apresentada por Jo\u00e3o (um dos tr\u00eas presentes no relato) da vis\u00e3o de Jesus Cristo na sua majestade, narrada no livro do Apocalipse:<\/p>\n<p>\u201c Vestido com uma t\u00fanica longa e cingido \u00e0 altura do peito com um cinto de ouro. Os cabelos de sua cabe\u00e7a eram brancos como l\u00e3 branca, como neve; e seus olhos pareciam uma chama de fogo\u201d (Ap 1, 13c-14).<\/p>\n<p>Considerando as refer\u00eancias da descri\u00e7\u00e3o de Jo\u00e3o oriundas do Antigo Testamento, (especialmente Daniel 7, 13-14), \u00e9 imposs\u00edvel n\u00e3o associ\u00e1-la ao evento do Tabor, quando o ap\u00f3stolo tamb\u00e9m contemplou o Senhor glorioso diante de si.<\/p>\n<p>Outro detalhe \u00e9 que a ora\u00e7\u00e3o crist\u00e3 n\u00e3o \u00e9 o lugar para acomodar-se. \u00c9 o ponto de partida para a miss\u00e3o. \u00c9 a largada para a vida nova pessoal e nas rela\u00e7\u00f5es com os irm\u00e3os. N\u00e3o \u00e9 a toa que Jesus n\u00e3o permite aquela acomoda\u00e7\u00e3o sugerida por Pedro \u201cMestre, \u00e9 bom ficarmos aqui. Vamos fazer tr\u00eas tendas: uma para ti, outra para Mois\u00e9s e outra para Elias\u201d (Mc 9, 5b).<\/p>\n<p>H\u00e1 aqui algo muito importante para nossos tempos. \u00c9 a partir da intimidade da ora\u00e7\u00e3o, da experi\u00eancia pessoal que fazemos com o Senhor, numa vida de comunh\u00e3o com Ele, que podermos revel\u00e1-lo ao mundo com o nosso testemunho e nossa miss\u00e3o<\/p>\n<p>Santo Agostinho, inspirado nos padres espirituais, afirma: \u201cQuem ora bem, vive bem!\u201d. Neste sentido, se desejamos uma vida nova e plena na gra\u00e7a de Deus e assim sabermos lidar com as circunst\u00e2ncias dos nossos tempos e de nossa sociedade atual \u00e9 urgente voltarmos \u00e0 vida de ora\u00e7\u00e3o.<\/p>\n<p>A Transfigura\u00e7\u00e3o nos mostra que na ora\u00e7\u00e3o somos capazes de contemplar a manifesta\u00e7\u00e3o da presen\u00e7a do Senhor no meio de n\u00f3s. Ele quer revelar a n\u00f3s sua divindade, nos permite participar de sua santidade. Devemos ir constantemente \u00e0 presen\u00e7a do Senhor na ora\u00e7\u00e3o, estar com Ele no Tabor para ver sua gl\u00f3ria e testemunh\u00e1-la ao mundo.<\/p>\n<p>Jefferson Souza<\/p>\n<p>Grupo de Ora\u00e7\u00e3o \u00c1gape<\/p>\n<p>Diocese de Macap\u00e1\/AP<\/p>\n","protected":false},"excerpt":{"rendered":"<p>\u201cJesus tomou consigo Pedro, Tiago e Jo\u00e3o, e os levou sozinhos a um lugar \u00e0 parte, sobre uma montanha. E transfigurou-se diante deles\u201d (Mc 9,2) Quando lemos estas palavras de Marcos tamb\u00e9m ficamos impressionados com o acontecimento. Diante dos olhos dos disc\u00edpulos, Jesus \u201ctransfigurou-se\u201d. O que acontece neste instante narrado pelo evangelista \u00e9 a manifesta\u00e7\u00e3o [&hellip;]<\/p>\n","protected":false},"author":2,"featured_media":105,"comment_status":"open","ping_status":"open","sticky":false,"template":"","format":"standard","meta":[],"categories":[2],"tags":[9,11,12,6,4,5,8,10,7],"_links":{"self":[{"href":"https:\/\/rccacre.com.br\/site\/wp-json\/wp\/v2\/posts\/103"}],"collection":[{"href":"https:\/\/rccacre.com.br\/site\/wp-json\/wp\/v2\/posts"}],"about":[{"href":"https:\/\/rccacre.com.br\/site\/wp-json\/wp\/v2\/types\/post"}],"author":[{"embeddable":true,"href":"https:\/\/rccacre.com.br\/site\/wp-json\/wp\/v2\/users\/2"}],"replies":[{"embeddable":true,"href":"https:\/\/rccacre.com.br\/site\/wp-json\/wp\/v2\/comments?post=103"}],"version-history":[{"count":1,"href":"https:\/\/rccacre.com.br\/site\/wp-json\/wp\/v2\/posts\/103\/revisions"}],"predecessor-version":[{"id":106,"href":"https:\/\/rccacre.com.br\/site\/wp-json\/wp\/v2\/posts\/103\/revisions\/106"}],"wp:featuredmedia":[{"embeddable":true,"href":"https:\/\/rccacre.com.br\/site\/wp-json\/wp\/v2\/media\/105"}],"wp:attachment":[{"href":"https:\/\/rccacre.com.br\/site\/wp-json\/wp\/v2\/media?parent=103"}],"wp:term":[{"taxonomy":"category","embeddable":true,"href":"https:\/\/rccacre.com.br\/site\/wp-json\/wp\/v2\/categories?post=103"},{"taxonomy":"post_tag","embeddable":true,"href":"https:\/\/rccacre.com.br\/site\/wp-json\/wp\/v2\/tags?post=103"}],"curies":[{"name":"wp","href":"https:\/\/api.w.org\/{rel}","templated":true}]}}