{"id":112,"date":"2018-03-28T17:58:04","date_gmt":"2018-03-28T17:58:04","guid":{"rendered":"https:\/\/rccacre.com.br\/site\/?p=112"},"modified":"2018-03-28T17:58:04","modified_gmt":"2018-03-28T17:58:04","slug":"celebrar-a-quaresma","status":"publish","type":"post","link":"https:\/\/rccacre.com.br\/site\/2018\/03\/28\/celebrar-a-quaresma\/","title":{"rendered":"Celebrar a Quaresma"},"content":{"rendered":"<p>A Igreja torna presente, atrav\u00e9s da Liturgia, o mist\u00e9rio de Cristo morto e ressuscitado. A partir da Ressurrei\u00e7\u00e3o do Senhor, no primeiro dia da semana, cujo nome \u00e9 &#8220;Domingo&#8221;, desenvolveu-se o que chamamos Ano Lit\u00fargico, no qual acompanhamos os eventos de nossa salva\u00e7\u00e3o, escutando a Palavra de Deus e participando da Eucaristia. Acreditamos e testemunhamos a f\u00e9 em Jesus Cristo, senhor da hist\u00f3ria, aquele que \u00e9, que era e que vem. Manifestamos a expectativa do dia glorioso do Senhor, clamando &#8220;Vem, Senhor Jesus&#8221;, enquanto vivemos a miss\u00e3o de fermentar com o Evangelho de Cristo as estruturas humanas e a vida das pessoas. Trazemos conosco os maiores motivos de alegria, aquela serena e verdadeira, que nada e ningu\u00e9m pode nos tirar!<\/p>\n<p>Nossa f\u00e9 se alimenta na contempla\u00e7\u00e3o de Jesus Cristo, acompanhando, ano por ano, dois ciclos celebrativos, a saber, o ciclo do Natal e o Ciclo da P\u00e1scoa. N\u00e3o celebramos como quem assiste a espet\u00e1culos teatrais, mas recolhemos, com a gra\u00e7a de Deus, os dons que s\u00e3o pr\u00f3prios de cada etapa do ano, desejando colocar em pr\u00e1tica seus inesgot\u00e1veis ensinamentos, sabedores de que Deus, sempre novo, jamais se repete. Assim, cada etapa da vida crist\u00e3 nos encontra situados num est\u00e1gio mais avan\u00e7ado e profundo da f\u00e9. E agora, o Ciclo da P\u00e1scoa nos traz o tempo de gra\u00e7a chamado Quaresma. N\u00f3s o celebramos, atrav\u00e9s dos sinais lit\u00fargicos e das pr\u00e1ticas de viv\u00eancia do Evangelho, dispostos a oferecer-nos mutuamente e a todas as outras pessoas o testemunho da vida renovada em Cristo.<\/p>\n<p>O olhar da f\u00e9 se volta para a P\u00e1scoa, a ser celebrada dentro de algumas semanas. At\u00e9 l\u00e1, desejamos empreender uma estrada de renova\u00e7\u00e3o da vida crist\u00e3. Fa\u00e7amo-nos iniciantes no caminho! O ponto de partida \u00e9 o reconhecimento de nossa condi\u00e7\u00e3o humana, marcada pela fragilidade e pelo pecado. Um olhar realista indica que sem Deus somos p\u00f3 da terra. Uma vis\u00e3o pessimista dir\u00e1 que no final nada sobrar\u00e1, apenas lembran\u00e7as de nossa t\u00eanue passagem pela vida. Alguns at\u00e9 transformam em convic\u00e7\u00e3o e propaganda tal fragilidade, apagando a esperan\u00e7a da eternidade. Bonito \u00e9 saber que Deus vem ao nosso encontro, com a for\u00e7a da Palavra: &#8220;Convertei-vos e crede no Evangelho&#8221;. E o p\u00f3 da terra se levanta, a esperan\u00e7a desponta, o sentido para a vida triunfa! \u00c9 a Quarta-feira de Cinzas! E esta se reveste de rosto alegre e provocante, fazendo uma Campanha pela Fraternidade!<\/p>\n<p>Fomos chamados a seguir Jesus, como os disc\u00edpulos de todos os tempos. O caminho continua, indo com ele ao deserto (Mc 1,12-15), s\u00edmbolo dos dias da quarentena (Quaresma!). Reconhecemos a condi\u00e7\u00e3o humana, sujeita \u00e0 tenta\u00e7\u00e3o, mas chamada a venc\u00ea-la, com a Palavra de Deus acolhida e vivida com retid\u00e3o. O in\u00edcio da Quaresma nos faz realistas e prontos a vencer os \u00eddolos do poder, do ter e do prazer, que rondam em torno de todas as pessoas humanas.<br \/>\nQuem foi ao deserto, n\u00e3o isolado, mas com Jesus, v\u00ea que a sua vida se transfigura, e este \u00e9 mais um passo na aventura quaresmal. O crist\u00e3o, como os ap\u00f3stolos Pedro, Tiago e Jo\u00e3o, \u00e9 chamado a subir ao Monte (Mc 9,2-10), contemplar o mais profundo do segredo de Jesus, sua face gloriosa, compartilhar com as figuras de Mois\u00e9s e Elias a intimidade da presen\u00e7a do Esp\u00edrito Santo, envolvente como uma nuvem, e a escuta do Pai que manifesta todo o seu amor por Jesus, aquele que deve ser acolhido e escutado!<\/p>\n<p>Em seguida, a Quaresma nos faz visitar o Templo (Jo 2,13-15), que tinha grande import\u00e2ncia para os judeus, centro de sua vida religiosa e sinal da presen\u00e7a de Deus com seu povo. Jesus, tomado de zelo, purifica o Templo. Sua presen\u00e7a quer conduzir as pessoas ao novo Templo, o novo lugar que \u00e9 ele mesmo, onde acontece o verdadeiro culto ao Pai do C\u00e9u. Pode acontecer que tamb\u00e9m n\u00f3s frequentemos o lugar sagrado apenas pelos nossos interesses individualistas, mesmo que seja a busca da salva\u00e7\u00e3o, sem descobri-lo como lugar de comunh\u00e3o e gratuidade entre Deus e as pessoas que professam a f\u00e9! Deixemo- nos purificar! Onde quer que encontremos eventuais restos de edifica\u00e7\u00f5es destru\u00eddas, recolheremos os peda\u00e7os para realizar a profecia: &#8220;Quando o invocares, o Senhor te atender\u00e1, e ao clamares, ele responder\u00e1: Aqui estou!&#8221; (Is 58, 9-12).<\/p>\n<p>Mais adiante, Nicodemos (Jo 3,14-21) ser\u00e1 nosso companheiro de Quaresma. Com ele, somos chamados a olhar para o alto &#8211; Cristo Crucificado &#8211; e para frente &#8211; Cristo ressuscitado! Jesus mesmo lhe mostra que a Cruz ser\u00e1 o lugar da glorifica\u00e7\u00e3o. H\u00e1 um risco em nosso tempo de nivelar tudo na altitude zero, sem projetar grandes ideais, sem sonhos de perfei\u00e7\u00e3o, considerando todas as atitudes e op\u00e7\u00f5es como indiferentes. Podem parecer at\u00e9 ing\u00eanuas estas estradas do Evangelho, mas, sem elas, ningu\u00e9m vai para frente e nem alcan\u00e7a os cumes da verdadeira realiza\u00e7\u00e3o, cujo nome verdadeiro \u00e9 salva\u00e7\u00e3o. A escolha \u00e9 nossa, nesta Quaresma!<\/p>\n<p>Depois, somos apresentados a algumas figuras simp\u00e1ticas, estrangeiros que querem ver Jesus (Jo 12,30-33). Gente de longe, em que est\u00e3o todas as pessoas que acorrem a Jesus, e n\u00f3s estamos inclu\u00eddos, at\u00e9 que ele venha! Compartilhando o &#8220;sonho de Deus&#8221;, queremos ver muita gente afastada se aproximar, encontrando o rega\u00e7o acolhedor da M\u00e3e Igreja, no qual as pessoas s\u00e3o reconhecidas pelo nome, recebem o carinho que lhes \u00e9 devido e s\u00e3o tratadas com miseric\u00f3rdia. N\u00e3o nos recusemos a aproximar tais pessoas de Jesus. Queremos ver Jesus junto com quem perdeu a f\u00e9. Algumas delas chegaram a este ponto pela falta de testemunho coerente que as atra\u00edsse. Outras est\u00e3o num emaranhado de quest\u00f5es internas a serem respeitadas, mas que as lan\u00e7am num verdadeiro beco sem sa\u00edda. Saibamos dizer-lhes &#8220;Venham!&#8221; Sonhamos com as pessoas revoltadas com a vida, com seus familiares e com Deus. Pensamos naqueles que se tornaram intrat\u00e1veis, afastados de tudo e de todos, jogados num canto, morando sozinhos, totalmente isolados. Vamos a elas, como exerc\u00edcio de prepara\u00e7\u00e3o para a P\u00e1scoa.<br \/>\nEst\u00e1 aberta a temporada de convers\u00e3o, gra\u00e7a e vida na Quaresma!<\/p>\n<p>Dom Alberto Taveira Corr\u00eaa<br \/>\nArcebispo de Bel\u00e9m do Par\u00e1<br \/>\nAssessor Eclesi\u00e1stico da RCCBRASIL<\/p>\n","protected":false},"excerpt":{"rendered":"<p>A Igreja torna presente, atrav\u00e9s da Liturgia, o mist\u00e9rio de Cristo morto e ressuscitado. A partir da Ressurrei\u00e7\u00e3o do Senhor, no primeiro dia da semana, cujo nome \u00e9 &#8220;Domingo&#8221;, desenvolveu-se o que chamamos Ano Lit\u00fargico, no qual acompanhamos os eventos de nossa salva\u00e7\u00e3o, escutando a Palavra de Deus e participando da Eucaristia. Acreditamos e testemunhamos [&hellip;]<\/p>\n","protected":false},"author":2,"featured_media":113,"comment_status":"open","ping_status":"open","sticky":false,"template":"","format":"standard","meta":[],"categories":[2],"tags":[],"_links":{"self":[{"href":"https:\/\/rccacre.com.br\/site\/wp-json\/wp\/v2\/posts\/112"}],"collection":[{"href":"https:\/\/rccacre.com.br\/site\/wp-json\/wp\/v2\/posts"}],"about":[{"href":"https:\/\/rccacre.com.br\/site\/wp-json\/wp\/v2\/types\/post"}],"author":[{"embeddable":true,"href":"https:\/\/rccacre.com.br\/site\/wp-json\/wp\/v2\/users\/2"}],"replies":[{"embeddable":true,"href":"https:\/\/rccacre.com.br\/site\/wp-json\/wp\/v2\/comments?post=112"}],"version-history":[{"count":1,"href":"https:\/\/rccacre.com.br\/site\/wp-json\/wp\/v2\/posts\/112\/revisions"}],"predecessor-version":[{"id":115,"href":"https:\/\/rccacre.com.br\/site\/wp-json\/wp\/v2\/posts\/112\/revisions\/115"}],"wp:featuredmedia":[{"embeddable":true,"href":"https:\/\/rccacre.com.br\/site\/wp-json\/wp\/v2\/media\/113"}],"wp:attachment":[{"href":"https:\/\/rccacre.com.br\/site\/wp-json\/wp\/v2\/media?parent=112"}],"wp:term":[{"taxonomy":"category","embeddable":true,"href":"https:\/\/rccacre.com.br\/site\/wp-json\/wp\/v2\/categories?post=112"},{"taxonomy":"post_tag","embeddable":true,"href":"https:\/\/rccacre.com.br\/site\/wp-json\/wp\/v2\/tags?post=112"}],"curies":[{"name":"wp","href":"https:\/\/api.w.org\/{rel}","templated":true}]}}