{"id":116,"date":"2018-03-28T18:00:03","date_gmt":"2018-03-28T18:00:03","guid":{"rendered":"https:\/\/rccacre.com.br\/site\/?p=116"},"modified":"2018-03-28T18:00:03","modified_gmt":"2018-03-28T18:00:03","slug":"o-merito-consiste-em-sofrer-e-amar","status":"publish","type":"post","link":"https:\/\/rccacre.com.br\/site\/2018\/03\/28\/o-merito-consiste-em-sofrer-e-amar\/","title":{"rendered":"O m\u00e9rito consiste em sofrer e amar"},"content":{"rendered":"<p>O Evangelho do 5\u00ba Domingo da Quaresma nos traz uma revela\u00e7\u00e3o bel\u00edssima. A narrativa mostra Jesus no Templo enquanto dois gentios \u201ctinham subido a Jerusal\u00e9m para adorar durante a festa\u201d. Ao encontrarem os Ap\u00f3stolos, eles se aproximaram de Filipe e pediram: \u201cGostar\u00edamos de ver Jesus!\u201d O Senhor encontrava-seno interior do Templo, no P\u00e1tio Interno, chamado P\u00e1tio de Israel, neste local n\u00e3o era permitido ningu\u00e9m que n\u00e3o fosse judeu. Provavelmente eles estavam na parte externa do Templo, chamada de P\u00e1tio dos Gentios, por isso eles s\u00f3 poderiam ver Jesus se este sa\u00edsse e viesse aonde eles estavam.<\/p>\n<p>Jesus ao ser informado responde de forma misteriosa: \u201c\u00c9 chegada a hora para o Filho do Homem ser glorificado\u201d. Com isso Jesus nos revela que a \u201cHora de Deus\u201d chegar\u00e1 para a humanidade onde n\u00e3o haver\u00e1 mais distin\u00e7\u00e3o entre grego e judeu. Chegar\u00e1 a Hora em que todos ser\u00e3o aceitos no Templo de Deus, mas para que issoaconte\u00e7ao Cristo teria que sair do interior do Templo e vir para o lado de fora, ou seja, o Senhor teria que se humilhar se fazendo um de n\u00f3s e, pela Paix\u00e3o e Morte na Cruz, pagar o pre\u00e7o da nossa reden\u00e7\u00e3o. Estes acontecimentos, se tratando da hist\u00f3ria do Filho de Deus encarnado, e n\u00e3o de um homem qualquer, t\u00eam uma import\u00e2ncia e uma efic\u00e1cia universais, que alcan\u00e7am toda a humanidade. Que Mist\u00e9rio maravilhoso e inexprim\u00edvel!<\/p>\n<p>N\u00e3o foi atrav\u00e9s da fama e nem do poder deste mundo, mas pelo sofrimento, pela Morte e Ressurrei\u00e7\u00e3o do Filho de Deus que recebemos a dignidade de filhos para sermos admitidos no interior do Templo, no Santo dos santos. Como disse o papa Bento XVI: \u201cN\u00e3o s\u00e3o os grandes, os crucificadores, que salvam, mas o pobre e impotente Crucificado: Agora \u00e9 o ju\u00edzo deste mundo; agora ser\u00e1 lan\u00e7ado fora o pr\u00edncipe deste mundo.E quando eu for levantado da terra, atrairei todos os homens a mim\u201d. Cristo foi castigado e humilhado, mas com Seu sofrimento resgatou o sofrimento de todos n\u00f3s! Sobre o Seu Corpo pairavam as dores e as enfermidades da humanidade. Cristo morreu por todos aqueles que sofrem!<\/p>\n<p>A cruz, meus irm\u00e3os, n\u00e3o \u00e9 algo passado, ultrapassado, ao contr\u00e1rio, precisamos ainda nos dias de hoje entrar neste mist\u00e9rio, deixando-nos conduzir pelo Esp\u00edrito Santo que em todos os tempos deseja nos configurar a Cristo pela via da Santa Cruz. O Pai, ao escolher as vias do sofrimento, da humilha\u00e7\u00e3o e da Cruz para redimir a humanidade atrav\u00e9s do Santo Sacrif\u00edcio do Seu Filho Unig\u00eanito, indica-nos que a salva\u00e7\u00e3o n\u00e3o se encontra nas facilidades, nas ilus\u00f5es ou nos poderes deste mundo. \u00c9 o sofrimento que nos fortalece na luta contra o pecado, exclui nossas m\u00e1s inclina\u00e7\u00f5es interiores e exteriores e nos conduzem para a salva\u00e7\u00e3o eterna.Deus nos salva na humilha\u00e7\u00e3o humana, Deus nos salva no desprezo humano e o mist\u00e9rio da Cruz de Cristo \u00e9 o mist\u00e9rio da reden\u00e7\u00e3o e da salva\u00e7\u00e3o da humanidade.<\/p>\n<p>Originalmente fomoscriados por Deus para uma vida harmoniosa e feliz, por\u00e9m, a dor e o sofrimento, devido ao pecado, s\u00e3o uma realidade que se apresenta na nossa vida de muitas formas, por isso de modo geral nos desesperamos, nos revoltamos e ficamos abatidos. No entanto, os que na vida presente experimen\u00adtam a comunh\u00e3o do sofrimento de Cristo com resigna\u00e7\u00e3o, sem rebeldia e sem recrimina\u00e7\u00e3o podem aguardar a comunh\u00e3o da Sua gl\u00f3ria, sendo anossa participa\u00e7\u00e3o ativa no Grupo de Ora\u00e7\u00e3o o meio para nos abrir a esta realidade a ponto de alcan\u00e7armos a docilidade capaz de nos deixar instruir pelo Esp\u00edrito Santo a respeito deste mist\u00e9rio que \u00e9 loucura e esc\u00e2ndalo para o mundo, mas para n\u00f3s que cremos, \u00e9 a demonstra\u00e7\u00e3o mais eloquente do poder de salva\u00e7\u00e3o do Nosso Deus.<\/p>\n<p>Luiz Cesar Martins<\/p>\n<p>Grupo de Ora\u00e7\u00e3o Fonte Viva do Sant\u00edssimo Sacramento<\/p>\n","protected":false},"excerpt":{"rendered":"<p>O Evangelho do 5\u00ba Domingo da Quaresma nos traz uma revela\u00e7\u00e3o bel\u00edssima. A narrativa mostra Jesus no Templo enquanto dois gentios \u201ctinham subido a Jerusal\u00e9m para adorar durante a festa\u201d. Ao encontrarem os Ap\u00f3stolos, eles se aproximaram de Filipe e pediram: \u201cGostar\u00edamos de ver Jesus!\u201d O Senhor encontrava-seno interior do Templo, no P\u00e1tio Interno, chamado [&hellip;]<\/p>\n","protected":false},"author":2,"featured_media":117,"comment_status":"open","ping_status":"open","sticky":false,"template":"","format":"standard","meta":[],"categories":[2],"tags":[],"_links":{"self":[{"href":"https:\/\/rccacre.com.br\/site\/wp-json\/wp\/v2\/posts\/116"}],"collection":[{"href":"https:\/\/rccacre.com.br\/site\/wp-json\/wp\/v2\/posts"}],"about":[{"href":"https:\/\/rccacre.com.br\/site\/wp-json\/wp\/v2\/types\/post"}],"author":[{"embeddable":true,"href":"https:\/\/rccacre.com.br\/site\/wp-json\/wp\/v2\/users\/2"}],"replies":[{"embeddable":true,"href":"https:\/\/rccacre.com.br\/site\/wp-json\/wp\/v2\/comments?post=116"}],"version-history":[{"count":1,"href":"https:\/\/rccacre.com.br\/site\/wp-json\/wp\/v2\/posts\/116\/revisions"}],"predecessor-version":[{"id":118,"href":"https:\/\/rccacre.com.br\/site\/wp-json\/wp\/v2\/posts\/116\/revisions\/118"}],"wp:featuredmedia":[{"embeddable":true,"href":"https:\/\/rccacre.com.br\/site\/wp-json\/wp\/v2\/media\/117"}],"wp:attachment":[{"href":"https:\/\/rccacre.com.br\/site\/wp-json\/wp\/v2\/media?parent=116"}],"wp:term":[{"taxonomy":"category","embeddable":true,"href":"https:\/\/rccacre.com.br\/site\/wp-json\/wp\/v2\/categories?post=116"},{"taxonomy":"post_tag","embeddable":true,"href":"https:\/\/rccacre.com.br\/site\/wp-json\/wp\/v2\/tags?post=116"}],"curies":[{"name":"wp","href":"https:\/\/api.w.org\/{rel}","templated":true}]}}