{"id":1210,"date":"2018-11-06T00:08:30","date_gmt":"2018-11-06T00:08:30","guid":{"rendered":"https:\/\/rccacre.com.br\/site\/?p=1210"},"modified":"2019-01-28T20:18:52","modified_gmt":"2019-01-28T20:18:52","slug":"eleicao-da-coordenacao-da-rcc-diocese-de-rio-branco","status":"publish","type":"post","link":"https:\/\/rccacre.com.br\/site\/2018\/11\/06\/eleicao-da-coordenacao-da-rcc-diocese-de-rio-branco\/","title":{"rendered":"Elei\u00e7\u00e3o da Coordena\u00e7\u00e3o da RCC-Diocese de Rio Branco"},"content":{"rendered":"<p>Nos dias 03 e 04 de novembro, esteve reunido no Semin\u00e1rio Menor Pe. Jo\u00e3o Martins na cidade de Rio Branco o Conselho da RCC da Diocese de Rio Branco para a escolha do seu presidente para o Bi\u00eanio de 2019 a 2020.<\/p>\n<p>Foi reeleito Jos\u00e9 Adelson Santiago, o &#8220;Nego&#8221;, que Deus o aben\u00e7oe imensamente, conceda sua for\u00e7a e un\u00e7\u00e3o neste novo tempo!<\/p>\n<p>&nbsp;<\/p>\n\n\t\t<style type=\"text\/css\">\n\t\t\t#gallery-1 {\n\t\t\t\tmargin: auto;\n\t\t\t}\n\t\t\t#gallery-1 .gallery-item {\n\t\t\t\tfloat: left;\n\t\t\t\tmargin-top: 10px;\n\t\t\t\ttext-align: center;\n\t\t\t\twidth: 33%;\n\t\t\t}\n\t\t\t#gallery-1 img {\n\t\t\t\tborder: 2px solid #cfcfcf;\n\t\t\t}\n\t\t\t#gallery-1 .gallery-caption {\n\t\t\t\tmargin-left: 0;\n\t\t\t}\n\t\t\t\/* see gallery_shortcode() in wp-includes\/media.php *\/\n\t\t<\/style>\n\t\t<div id='gallery-1' class='gallery galleryid-1210 gallery-columns-3 gallery-size-medium'><dl class='gallery-item'>\n\t\t\t<dt class='gallery-icon landscape'>\n\t\t\t\t<a href='https:\/\/rccacre.com.br\/site\/wp-content\/uploads\/2018\/11\/WhatsApp-Image-2018-11-05-at-22.05.25.jpeg'><img width=\"300\" height=\"300\" src=\"https:\/\/rccacre.com.br\/site\/wp-content\/uploads\/2018\/11\/WhatsApp-Image-2018-11-05-at-22.05.25-300x300.jpeg\" class=\"attachment-medium size-medium\" alt=\"\" loading=\"lazy\" srcset=\"https:\/\/rccacre.com.br\/site\/wp-content\/uploads\/2018\/11\/WhatsApp-Image-2018-11-05-at-22.05.25-300x300.jpeg 300w, https:\/\/rccacre.com.br\/site\/wp-content\/uploads\/2018\/11\/WhatsApp-Image-2018-11-05-at-22.05.25-150x150.jpeg 150w, https:\/\/rccacre.com.br\/site\/wp-content\/uploads\/2018\/11\/WhatsApp-Image-2018-11-05-at-22.05.25-768x768.jpeg 768w, https:\/\/rccacre.com.br\/site\/wp-content\/uploads\/2018\/11\/WhatsApp-Image-2018-11-05-at-22.05.25-1024x1024.jpeg 1024w, https:\/\/rccacre.com.br\/site\/wp-content\/uploads\/2018\/11\/WhatsApp-Image-2018-11-05-at-22.05.25-510x510.jpeg 510w, https:\/\/rccacre.com.br\/site\/wp-content\/uploads\/2018\/11\/WhatsApp-Image-2018-11-05-at-22.05.25.jpeg 1080w\" sizes=\"(max-width: 300px) 100vw, 300px\" \/><\/a>\n\t\t\t<\/dt><\/dl>\n\t\t\t<br style='clear: both' \/>\n\t\t<\/div>\n\n<p>Minist\u00e9rio de Comunica\u00e7\u00e3o Social e RCC-AC.<\/p>\n","protected":false},"excerpt":{"rendered":"<p>Nos dias 03 e 04 de novembro, esteve reunido no Semin\u00e1rio Menor Pe. Jo\u00e3o Martins na cidade de Rio Branco o Conselho da RCC da Diocese de Rio Branco para a escolha do seu presidente para o Bi\u00eanio de 2019 a 2020. Foi reeleito Jos\u00e9 Adelson Santiago, o &#8220;Nego&#8221;, que Deus o aben\u00e7oe imensamente, conceda [&hellip;]<\/p>\n","protected":false},"author":3,"featured_media":1211,"comment_status":"open","ping_status":"open","sticky":false,"template":"","format":"standard","meta":[],"categories":[3],"tags":[9,69,68,60,59,5,24,22,30],"_links":{"self":[{"href":"https:\/\/rccacre.com.br\/site\/wp-json\/wp\/v2\/posts\/1210"}],"collection":[{"href":"https:\/\/rccacre.com.br\/site\/wp-json\/wp\/v2\/posts"}],"about":[{"href":"https:\/\/rccacre.com.br\/site\/wp-json\/wp\/v2\/types\/post"}],"author":[{"embeddable":true,"href":"https:\/\/rccacre.com.br\/site\/wp-json\/wp\/v2\/users\/3"}],"replies":[{"embeddable":true,"href":"https:\/\/rccacre.com.br\/site\/wp-json\/wp\/v2\/comments?post=1210"}],"version-history":[{"count":1,"href":"https:\/\/rccacre.com.br\/site\/wp-json\/wp\/v2\/posts\/1210\/revisions"}],"predecessor-version":[{"id":1213,"href":"https:\/\/rccacre.com.br\/site\/wp-json\/wp\/v2\/posts\/1210\/revisions\/1213"}],"wp:featuredmedia":[{"embeddable":true,"href":"https:\/\/rccacre.com.br\/site\/wp-json\/wp\/v2\/media\/1211"}],"wp:attachment":[{"href":"https:\/\/rccacre.com.br\/site\/wp-json\/wp\/v2\/media?parent=1210"}],"wp:term":[{"taxonomy":"category","embeddable":true,"href":"https:\/\/rccacre.com.br\/site\/wp-json\/wp\/v2\/categories?post=1210"},{"taxonomy":"post_tag","embeddable":true,"href":"https:\/\/rccacre.com.br\/site\/wp-json\/wp\/v2\/tags?post=1210"}],"curies":[{"name":"wp","href":"https:\/\/api.w.org\/{rel}","templated":true}]}}