{"id":1256,"date":"2018-11-23T23:41:14","date_gmt":"2018-11-23T23:41:14","guid":{"rendered":"https:\/\/rccacre.com.br\/site\/?p=1256"},"modified":"2019-01-28T20:08:23","modified_gmt":"2019-01-28T20:08:23","slug":"1o-retiro-para-universitario-e-profissionais-da-diocese-de-cruzeiro-do-sul","status":"publish","type":"post","link":"https:\/\/rccacre.com.br\/site\/2018\/11\/23\/1o-retiro-para-universitario-e-profissionais-da-diocese-de-cruzeiro-do-sul\/","title":{"rendered":"1\u00ba Retiro Para Universit\u00e1rios e Profissionais da Diocese de Cruzeiro do Sul"},"content":{"rendered":"<p style=\"text-align: left;\">Aconteceu nos dias 17 e 18 de novembro o I Primeiro Retiro para Universit\u00e1rios e Profissionais na diocese de Cruzeiro do Sul Acre. O Minist\u00e9rio Universidades Renovadas (MUR) \u00e9 um minist\u00e9rio da RCC cuja atua\u00e7\u00e3o se d\u00e1 principalmente no \u00e2mbito universit\u00e1rio e que tem por miss\u00e3o conciliar a f\u00e9 e a raz\u00e3o.<br \/>\nFoi um final de semana de muitas b\u00ean\u00e7\u00e3os, o encontro aconteceu na capela do Semin\u00e1rio Menor Nossa Senhora da Gl\u00f3ria, onde teve momentos de adora\u00e7\u00e3o, ora\u00e7\u00e3o, viv\u00eancia fraterna, brincadeiras e muita alegria, com o tema: \u201cVinde a mim\u201d. Os Universit\u00e1rios e Profissionais ali presentes puderam vivenciar o que viveram os primeiros ap\u00f3stolos: \u201cA efus\u00e3o do Espirito Santo foi derramada e o sonho da Civiliza\u00e7\u00e3o do amor foi implantado nos cora\u00e7\u00f5es\u201d.<\/p>\n<p>Confira as fotos clicando <a href=\"https:\/\/rccacre.com.br\/site\/2018\/11\/23\/fotos-1o-retiro-para-universitario-e-profissionais-da-diocese-de-cruzeiro-do-sul\/\">aqui<\/a><\/p>\n<p>Min. Comunica\u00e7\u00e3o Social<\/p>\n","protected":false},"excerpt":{"rendered":"<p>Aconteceu nos dias 17 e 18 de novembro o I Primeiro Retiro para Universit\u00e1rios e Profissionais na diocese de Cruzeiro do Sul Acre. O Minist\u00e9rio Universidades Renovadas (MUR) \u00e9 um minist\u00e9rio da RCC cuja atua\u00e7\u00e3o se d\u00e1 principalmente no \u00e2mbito universit\u00e1rio e que tem por miss\u00e3o conciliar a f\u00e9 e a raz\u00e3o. Foi um final [&hellip;]<\/p>\n","protected":false},"author":3,"featured_media":1258,"comment_status":"open","ping_status":"open","sticky":false,"template":"","format":"standard","meta":[],"categories":[3],"tags":[65,9,64,55,54,57,56,5,24,22,30,53,58],"_links":{"self":[{"href":"https:\/\/rccacre.com.br\/site\/wp-json\/wp\/v2\/posts\/1256"}],"collection":[{"href":"https:\/\/rccacre.com.br\/site\/wp-json\/wp\/v2\/posts"}],"about":[{"href":"https:\/\/rccacre.com.br\/site\/wp-json\/wp\/v2\/types\/post"}],"author":[{"embeddable":true,"href":"https:\/\/rccacre.com.br\/site\/wp-json\/wp\/v2\/users\/3"}],"replies":[{"embeddable":true,"href":"https:\/\/rccacre.com.br\/site\/wp-json\/wp\/v2\/comments?post=1256"}],"version-history":[{"count":2,"href":"https:\/\/rccacre.com.br\/site\/wp-json\/wp\/v2\/posts\/1256\/revisions"}],"predecessor-version":[{"id":1279,"href":"https:\/\/rccacre.com.br\/site\/wp-json\/wp\/v2\/posts\/1256\/revisions\/1279"}],"wp:featuredmedia":[{"embeddable":true,"href":"https:\/\/rccacre.com.br\/site\/wp-json\/wp\/v2\/media\/1258"}],"wp:attachment":[{"href":"https:\/\/rccacre.com.br\/site\/wp-json\/wp\/v2\/media?parent=1256"}],"wp:term":[{"taxonomy":"category","embeddable":true,"href":"https:\/\/rccacre.com.br\/site\/wp-json\/wp\/v2\/categories?post=1256"},{"taxonomy":"post_tag","embeddable":true,"href":"https:\/\/rccacre.com.br\/site\/wp-json\/wp\/v2\/tags?post=1256"}],"curies":[{"name":"wp","href":"https:\/\/api.w.org\/{rel}","templated":true}]}}