{"id":2991,"date":"2024-10-30T15:23:40","date_gmt":"2024-10-30T15:23:40","guid":{"rendered":"https:\/\/rccacre.com.br\/site\/?p=2991"},"modified":"2025-02-17T21:44:54","modified_gmt":"2025-02-17T21:44:54","slug":"movimento-eclesial-da-renovacao-carismatica-catolica-do-acre-realizou-assembleia-e-elegeu-nova-presidente","status":"publish","type":"post","link":"https:\/\/rccacre.com.br\/site\/2024\/10\/30\/movimento-eclesial-da-renovacao-carismatica-catolica-do-acre-realizou-assembleia-e-elegeu-nova-presidente\/","title":{"rendered":"MOVIMENTO ECLESIAL DA RENOVA\u00c7\u00c3O CARISM\u00c1TICA CAT\u00d3LICA DO ACRE REALIZOU ASSEMBLEIA E ELEGEU NOVA PRESIDENTE"},"content":{"rendered":"<p><img loading=\"lazy\" class=\"alignleft\" src=\"https:\/\/rccacre.com.br\/site\/wp-content\/uploads\/2024\/10\/WhatsApp-Image-2024-10-30-at-12.48.37-300x225.jpeg\" alt=\"\" width=\"300\" height=\"225\" \/><\/p>\n<p>De 18 a 20 de outubro de 2024 aconteceu em Sena Madureira a assembleia Eletiva do Movimento Eclesial da Renova\u00e7\u00e3o Carism\u00e1tica Cat\u00f3lica do Acre.<\/p>\n<p>Al\u00e9m da pauta discutida, ocorreu a elei\u00e7\u00e3o da presid\u00eancia que vai assumir no bi\u00eanio 2025-2026 sendo eleita Iriam Marta da Diocese de Rio Branco, Grupo de Ora\u00e7\u00e3o Nova Alian\u00e7a e homologados para Secretaria Geral Raissa Coelho da Diocese de Cruzeiro do Sul, Grupo de Ora\u00e7\u00e3o Instrumentos da Paz e para tesoureiro, Valci Guedes da Diocese de Rio Branco, Grupo de Ora\u00e7\u00e3o Luz da Vida.<\/p>\n<p>Foram eleitos ainda, os membros do Conselho Fiscal Pedro Alexandre, Lucas Sena e Alan Aquino, bem como os membros suplentes Gilliard Nobre, Jaqueline Valente e Iago de Castro.<\/p>\n<p style=\"text-align: left;\"><img loading=\"lazy\" class=\"alignleft\" src=\"https:\/\/rccacre.com.br\/site\/wp-content\/uploads\/2024\/10\/WhatsApp-Image-2024-10-30-at-09.18.55-240x300.jpeg\" alt=\"\" width=\"298\" height=\"373\" \/>Na ocasi\u00e3o, estiveram presentes os Presidentes das dioceses de Cruzeiro do Sul e Rio Branco Raissa Coelho e Cristiano, o diretor espiritual da RCC Acre, Frei Renan Barros, o conselheiro fiscal Alan Aquino, Samara Justa tesoureira da RCC Acre, Eliciane de Jesus segunda secretaria da RCC Acre, os coordenadores de minist\u00e9rios no estado, Lucas Sena(Prega\u00e7\u00e3o), Iriam Marta(Forma\u00e7\u00e3o), Gabriele da Luz(M\u00fasica e Artes), Raylla Vict\u00f3ria(Universidades Renovadas), Francisca Almerinda (Intercess\u00e3o), Naira Mendes (MOCLI), Cassiane Almeida(Crian\u00e7as e Adolescentes), Jhonat\u00e3 Pinheiro(Jovens), Renata e Ricardo(Fam\u00edlias) e ainda os coordenadores de Grupo s de Ora\u00e7\u00e3o das cidades Rauany Mendes(Sena Madureira), Beto Faustino(Pl\u00e1cido de Castro), Arlene Ribeiro(Porto Acre), Helena Vieira(Epitaciol\u00e2ndia), Bernardo Neto( M\u00e2ncio Lima), Eliv\u00e2ngela Machado(Tarauac\u00e1), Marina Barbosa(Feij\u00f3), Vicente Gomes da RCC Goi\u00e1s e membro do Conselho Nacional que presidiu a elei\u00e7\u00e3o da nova presid\u00eancia, e a atual presidente do Conselho Estadual, Angelina Santos.<\/p>\n<p style=\"text-align: left;\"><em>&#8220;Uma assembleia \u00e9 o momento oportuno para Deus falar e direcionar o seu povo e nesta assembleia, muito o Senhor nos direcionou, exortou e amou&#8221;, ressaltou Angelina Santos, atual presidente do Conselho, e acrescentou:&#8221;a nova presid\u00eancia inaugurar\u00e1 um tempo novo em nosso estado, tempo em que o Senhor continuar\u00e1 em nosso meio, tempo em que se estivermos perto do Sagrado Cora\u00e7\u00e3o de Jesus encontraremos tudo o que precisamos \u00e9 seremos plenos, como Ele mesmo nos falou em profecia: <strong>&#8220;Aproximem-se do meu Sagrado Cora\u00e7\u00e3o pois nele cont\u00e9m absolutamente tudo que voc\u00eas precisam para que sejais homens e mulheres plenos e realizados. No meu sagrado cora\u00e7\u00e3o est\u00e3o os sonhos mais lindos para voc\u00eas! Confiem em mim, aproximem-se do Sagrado Cora\u00e7\u00e3o&#8221;<\/strong>. <\/em><em>&#8220;Se estivermos perto de Jesus que \u00e9 o autor da nossa f\u00e9, seremos felizes e capazes de cumprir os sonhos dele para os outros e para n\u00f3s! \u00c9 isso que desejo para cada carism\u00e1tico da RCC Acre neste novo tempo!&#8221;<\/em> Concluiu Angelina Santos.<\/p>\n<p>Na assembleia aconteceram momentos importantes como a Santa Missa, adora\u00e7\u00e3o ao Sant\u00edssimo Sacramento, Prega\u00e7\u00e3o da palavra de Deus, momentos formativos e viv\u00eancia fraterna, tudo isso fortaleceu ainda mais, a vida do Movimento Eclesial da RCC do Estado do Acre.<\/p>\n<p><img loading=\"lazy\" class=\"alignleft\" src=\"https:\/\/rccacre.com.br\/site\/wp-content\/uploads\/2024\/10\/WhatsApp-Image-2024-10-22-at-21.12.07-225x300.jpeg\" alt=\"\" width=\"179\" height=\"239\" \/><img loading=\"lazy\" class=\"alignleft\" src=\"https:\/\/rccacre.com.br\/site\/wp-content\/uploads\/2024\/10\/WhatsApp-Image-2024-10-30-at-09.18.58-240x300.jpeg\" alt=\"\" width=\"187\" height=\"234\" \/><img loading=\"lazy\" class=\"alignleft\" src=\"https:\/\/rccacre.com.br\/site\/wp-content\/uploads\/2024\/10\/WhatsApp-Image-2024-10-30-at-09.19.02-240x300.jpeg\" alt=\"\" width=\"185\" height=\"231\" \/><img loading=\"lazy\" class=\"wp-image-2992 alignleft\" src=\"https:\/\/rccacre.com.br\/site\/wp-content\/uploads\/2024\/10\/WhatsApp-Image-2024-10-30-at-09.19.04-240x300.jpeg\" alt=\"\" width=\"189\" height=\"236\" srcset=\"https:\/\/rccacre.com.br\/site\/wp-content\/uploads\/2024\/10\/WhatsApp-Image-2024-10-30-at-09.19.04-240x300.jpeg 240w, https:\/\/rccacre.com.br\/site\/wp-content\/uploads\/2024\/10\/WhatsApp-Image-2024-10-30-at-09.19.04-819x1024.jpeg 819w, https:\/\/rccacre.com.br\/site\/wp-content\/uploads\/2024\/10\/WhatsApp-Image-2024-10-30-at-09.19.04-768x960.jpeg 768w, https:\/\/rccacre.com.br\/site\/wp-content\/uploads\/2024\/10\/WhatsApp-Image-2024-10-30-at-09.19.04.jpeg 1024w\" sizes=\"(max-width: 189px) 100vw, 189px\" \/><img loading=\"lazy\" class=\"wp-image-2999 alignleft\" src=\"https:\/\/rccacre.com.br\/site\/wp-content\/uploads\/2024\/10\/WhatsApp-Image-2024-10-22-at-21.12.06-225x300.jpeg\" alt=\"\" width=\"175\" height=\"234\" srcset=\"https:\/\/rccacre.com.br\/site\/wp-content\/uploads\/2024\/10\/WhatsApp-Image-2024-10-22-at-21.12.06-225x300.jpeg 225w, https:\/\/rccacre.com.br\/site\/wp-content\/uploads\/2024\/10\/WhatsApp-Image-2024-10-22-at-21.12.06-768x1024.jpeg 768w, https:\/\/rccacre.com.br\/site\/wp-content\/uploads\/2024\/10\/WhatsApp-Image-2024-10-22-at-21.12.06-1152x1536.jpeg 1152w, https:\/\/rccacre.com.br\/site\/wp-content\/uploads\/2024\/10\/WhatsApp-Image-2024-10-22-at-21.12.06-1536x2048.jpeg 1536w, https:\/\/rccacre.com.br\/site\/wp-content\/uploads\/2024\/10\/WhatsApp-Image-2024-10-22-at-21.12.06-scaled.jpeg 1920w\" sizes=\"(max-width: 175px) 100vw, 175px\" \/><\/p>\n","protected":false},"excerpt":{"rendered":"<p>De 18 a 20 de outubro de 2024 aconteceu em Sena Madureira a assembleia Eletiva do Movimento Eclesial da Renova\u00e7\u00e3o Carism\u00e1tica Cat\u00f3lica do Acre. Al\u00e9m da pauta discutida, ocorreu a elei\u00e7\u00e3o da presid\u00eancia que vai assumir no bi\u00eanio 2025-2026 sendo eleita Iriam Marta da Diocese de Rio Branco, Grupo de Ora\u00e7\u00e3o Nova Alian\u00e7a e homologados [&hellip;]<\/p>\n","protected":false},"author":3,"featured_media":0,"comment_status":"open","ping_status":"open","sticky":false,"template":"","format":"standard","meta":[],"categories":[1],"tags":[],"_links":{"self":[{"href":"https:\/\/rccacre.com.br\/site\/wp-json\/wp\/v2\/posts\/2991"}],"collection":[{"href":"https:\/\/rccacre.com.br\/site\/wp-json\/wp\/v2\/posts"}],"about":[{"href":"https:\/\/rccacre.com.br\/site\/wp-json\/wp\/v2\/types\/post"}],"author":[{"embeddable":true,"href":"https:\/\/rccacre.com.br\/site\/wp-json\/wp\/v2\/users\/3"}],"replies":[{"embeddable":true,"href":"https:\/\/rccacre.com.br\/site\/wp-json\/wp\/v2\/comments?post=2991"}],"version-history":[{"count":20,"href":"https:\/\/rccacre.com.br\/site\/wp-json\/wp\/v2\/posts\/2991\/revisions"}],"predecessor-version":[{"id":3032,"href":"https:\/\/rccacre.com.br\/site\/wp-json\/wp\/v2\/posts\/2991\/revisions\/3032"}],"wp:attachment":[{"href":"https:\/\/rccacre.com.br\/site\/wp-json\/wp\/v2\/media?parent=2991"}],"wp:term":[{"taxonomy":"category","embeddable":true,"href":"https:\/\/rccacre.com.br\/site\/wp-json\/wp\/v2\/categories?post=2991"},{"taxonomy":"post_tag","embeddable":true,"href":"https:\/\/rccacre.com.br\/site\/wp-json\/wp\/v2\/tags?post=2991"}],"curies":[{"name":"wp","href":"https:\/\/api.w.org\/{rel}","templated":true}]}}