{"id":61,"date":"2018-03-23T15:55:14","date_gmt":"2018-03-23T15:55:14","guid":{"rendered":"https:\/\/rccacre.com.br\/site\/?p=61"},"modified":"2018-03-28T15:56:52","modified_gmt":"2018-03-28T15:56:52","slug":"papa-deus-nos-ama-como-um-pai-e-uma-mae","status":"publish","type":"post","link":"https:\/\/rccacre.com.br\/site\/2018\/03\/23\/papa-deus-nos-ama-como-um-pai-e-uma-mae\/","title":{"rendered":"PAPA: DEUS NOS AMA COMO UM PAI E UMA M\u00c3E"},"content":{"rendered":"<p>O Senhor \u00e9 fiel, jamais se esquece de n\u00f3s: isso nos leva a exultar na esperan\u00e7a. A poucos dias da Semana Santa, a Igreja prop\u00f5e a reflex\u00e3o sobre o amor fiel de Deus e foi este o tema da missa celebrada pelo Papa Francisco na capela da Casa Santa Marta.<\/p>\n<p>A homilia do Pont\u00edfice foi inspirada no Salmo responsorial e na Primeira Leitura, extra\u00edda do Livro do G\u00eanesis, que narra o epis\u00f3dio da alian\u00e7a de Deus com Abra\u00e3o. Uma alian\u00e7a que se prolongar\u00e1 na hist\u00f3ria do povo, n\u00e3o obstante os pecados e a idolatria.<\/p>\n<p><strong>Amor de m\u00e3e<\/strong><\/p>\n<p>O Senhor, de fato, tem um \u201camor visceral\u201d que n\u00e3o faz esquecer. Para dar um exemplo, o Papa recorda que na Argentina, no Dia das M\u00e3es, se presenteia uma flor chamada \u201cn\u00e3o se esque\u00e7a de mim\u201d, que tem duas cores: azul claro para as m\u00e3es vivas e roxa para as m\u00e3es que j\u00e1 morreram:<\/p>\n<p>Este \u00e9 o amor de Deus, como o de uma m\u00e3e. Deus n\u00e3o se esquece de n\u00f3s. Nunca. N\u00e3o pode, \u00e9 fiel \u00e0 Sua alian\u00e7a. Isso nos d\u00e1 seguran\u00e7a. De n\u00f3s podemos dizer: \u201cMas a minha vida \u00e9 t\u00e3o ruim\u2026 Tenho esta dificuldade, sou um pecador, uma pecadora\u2026\u201d Ele n\u00e3o se esquece de voc\u00ea, porque tem este amor visceral, e \u00e9 pai e m\u00e3e.<\/p>\n<p><strong>Abra\u00e7o de amor<\/strong><\/p>\n<p>Trata-se, portanto, de uma fidelidade que leva \u00e0 alegria, notou o Papa. Assim como para Abra\u00e3o, a nossa alegria \u00e9 exultar na esperan\u00e7a, porque \u201ccada um de n\u00f3s sabe que n\u00e3o \u00e9 fiel\u201d, mas Deus sim, reiterou o Papa. Basta pensar na experi\u00eancia do Bom Ladr\u00e3o:<\/p>\n<p>O Deus fiel n\u00e3o pode renegar a si mesmo, n\u00e3o pode nos renegar, n\u00e3o pode renegar o seu amor, n\u00e3o pode renegar o seu povo, n\u00e3o pode renegar porque nos ama. Esta \u00e9 a fidelidade de Deus. Quando nos aproximamos do sacramento da penit\u00eancia, por favor: n\u00e3o pensar que vamos \u00e0 lavanderia para tirar as sujeiras. N\u00e3o. Vamos para receber um abra\u00e7o de amor deste Deus fiel que nos espera sempre. Sempre.<\/p>\n<p><strong>Concluindo, o Papa retoma a exorta\u00e7\u00e3o central desta homilia:<\/strong><\/p>\n<p>Ele \u00e9 fiel, ele me conhece, me ama. jamais me deixar\u00e1 s\u00f3. Ele me leva pela m\u00e3o. Que mais posso querer? Que mais? Que devo fazer? Exulta na esperan\u00e7a, porque o Senhor ama voc\u00ea como pai e como m\u00e3e.<\/p>\n<p>Radio Vaticano<\/p>\n","protected":false},"excerpt":{"rendered":"<p>O Senhor \u00e9 fiel, jamais se esquece de n\u00f3s: isso nos leva a exultar na esperan\u00e7a. A poucos dias da Semana Santa, a Igreja prop\u00f5e a reflex\u00e3o sobre o amor fiel de Deus e foi este o tema da missa celebrada pelo Papa Francisco na capela da Casa Santa Marta. A homilia do Pont\u00edfice foi [&hellip;]<\/p>\n","protected":false},"author":2,"featured_media":62,"comment_status":"open","ping_status":"open","sticky":false,"template":"","format":"standard","meta":[],"categories":[3],"tags":[9,11,12,6,4,5,8,10,7],"_links":{"self":[{"href":"https:\/\/rccacre.com.br\/site\/wp-json\/wp\/v2\/posts\/61"}],"collection":[{"href":"https:\/\/rccacre.com.br\/site\/wp-json\/wp\/v2\/posts"}],"about":[{"href":"https:\/\/rccacre.com.br\/site\/wp-json\/wp\/v2\/types\/post"}],"author":[{"embeddable":true,"href":"https:\/\/rccacre.com.br\/site\/wp-json\/wp\/v2\/users\/2"}],"replies":[{"embeddable":true,"href":"https:\/\/rccacre.com.br\/site\/wp-json\/wp\/v2\/comments?post=61"}],"version-history":[{"count":1,"href":"https:\/\/rccacre.com.br\/site\/wp-json\/wp\/v2\/posts\/61\/revisions"}],"predecessor-version":[{"id":63,"href":"https:\/\/rccacre.com.br\/site\/wp-json\/wp\/v2\/posts\/61\/revisions\/63"}],"wp:featuredmedia":[{"embeddable":true,"href":"https:\/\/rccacre.com.br\/site\/wp-json\/wp\/v2\/media\/62"}],"wp:attachment":[{"href":"https:\/\/rccacre.com.br\/site\/wp-json\/wp\/v2\/media?parent=61"}],"wp:term":[{"taxonomy":"category","embeddable":true,"href":"https:\/\/rccacre.com.br\/site\/wp-json\/wp\/v2\/categories?post=61"},{"taxonomy":"post_tag","embeddable":true,"href":"https:\/\/rccacre.com.br\/site\/wp-json\/wp\/v2\/tags?post=61"}],"curies":[{"name":"wp","href":"https:\/\/api.w.org\/{rel}","templated":true}]}}