{"id":738,"date":"2018-08-01T22:14:18","date_gmt":"2018-08-01T22:14:18","guid":{"rendered":"https:\/\/rccacre.com.br\/site\/?p=738"},"modified":"2018-08-01T22:18:36","modified_gmt":"2018-08-01T22:18:36","slug":"ore-com-a-rccbrasil-contra-a-legalizacao-do-aborto","status":"publish","type":"post","link":"https:\/\/rccacre.com.br\/site\/2018\/08\/01\/ore-com-a-rccbrasil-contra-a-legalizacao-do-aborto\/","title":{"rendered":"Ore com a RCCBRASIL contra a legaliza\u00e7\u00e3o do aborto"},"content":{"rendered":"<p><em><strong>&#8220;Doravante todas as gera\u00e7\u00f5es me chamar\u00e3o bem-aventurada&#8221; (Lc 1,48)<\/strong><\/em><\/p>\n<p>Nos dias 03 e 06 de agosto de 2018, o STF promover\u00e1 uma audi\u00eancia p\u00fablica sobre a descriminaliza\u00e7\u00e3o do aborto. Momento muito importante para a defini\u00e7\u00e3o de tema relacionado a legaliza\u00e7\u00e3o do aborto no Brasil.<\/p>\n<p>Portanto, faz-se necess\u00e1rio intensificar as ora\u00e7\u00f5es para que isso n\u00e3o ocorra no Brasil. Oremos pela vida, para que seja preservada desde a sua concep\u00e7\u00e3oat\u00e9 a morte natural.<\/p>\n<p>N\u00e3o podemos permitir que o direito \u00e0 vida seja subtra\u00eddo, pois \u00e9 um dom precioso de Deus. \u00c9 importante que toda a RCC do nosso pa\u00eds possa assumir essa causa com muito empenho em nossa Intercess\u00e3o di\u00e1ria.<\/p>\n<p>Acreditamos no poder da ora\u00e7\u00e3o, por isso, convidamos a todos para iniciar hoje a\u00a0<a href=\"https:\/\/www.rccbrasil.org.br\/espiritualidade-e-formacao\/mais-lidas-especial\/1874-novena-a-nossa-senhora-da-assuncao-.html\"><strong>NOVENA<\/strong><\/a><a href=\"https:\/\/www.rccbrasil.org.br\/espiritualidade-e-formacao\/mais-lidas-especial\/1874-novena-a-nossa-senhora-da-assuncao-.html\">\u00a0<\/a>em honra \u00e0 Nossa Senhora da Assun\u00e7\u00e3o, que celebramos no m\u00eas de agosto, com a ora\u00e7\u00e3o di\u00e1ria do Santo Ros\u00e1rio (Mist\u00e9rio do dia), suplicando sua intercess\u00e3o em favor da vida dos filhos de Deus.<\/p>\n<p>Renova\u00e7\u00e3o Carism\u00e1tica Cat\u00f3lica a postos e em ordem de batalha!<\/p>\n<p>Oremos!<\/p>\n<p>&nbsp;<\/p>\n<p><a href=\"https:\/\/www.rccbrasil.org.br\/espiritualidade-e-formacao\/mais-lidas-especial\/1874-novena-a-nossa-senhora-da-assuncao-.html\"><img loading=\"lazy\" class=\"alignnone wp-image-741\" src=\"https:\/\/rccacre.com.br\/site\/wp-content\/uploads\/2018\/08\/clique_novena-300x43.jpg\" alt=\"\" width=\"489\" height=\"65\" \/><\/a><\/p>\n<p>&nbsp;<\/p>\n","protected":false},"excerpt":{"rendered":"<p>&#8220;Doravante todas as gera\u00e7\u00f5es me chamar\u00e3o bem-aventurada&#8221; (Lc 1,48) Nos dias 03 e 06 de agosto de 2018, o STF promover\u00e1 uma audi\u00eancia p\u00fablica sobre a descriminaliza\u00e7\u00e3o do aborto. Momento muito importante para a defini\u00e7\u00e3o de tema relacionado a legaliza\u00e7\u00e3o do aborto no Brasil. Portanto, faz-se necess\u00e1rio intensificar as ora\u00e7\u00f5es para que isso n\u00e3o ocorra [&hellip;]<\/p>\n","protected":false},"author":1,"featured_media":739,"comment_status":"open","ping_status":"open","sticky":false,"template":"","format":"standard","meta":[],"categories":[3],"tags":[],"_links":{"self":[{"href":"https:\/\/rccacre.com.br\/site\/wp-json\/wp\/v2\/posts\/738"}],"collection":[{"href":"https:\/\/rccacre.com.br\/site\/wp-json\/wp\/v2\/posts"}],"about":[{"href":"https:\/\/rccacre.com.br\/site\/wp-json\/wp\/v2\/types\/post"}],"author":[{"embeddable":true,"href":"https:\/\/rccacre.com.br\/site\/wp-json\/wp\/v2\/users\/1"}],"replies":[{"embeddable":true,"href":"https:\/\/rccacre.com.br\/site\/wp-json\/wp\/v2\/comments?post=738"}],"version-history":[{"count":5,"href":"https:\/\/rccacre.com.br\/site\/wp-json\/wp\/v2\/posts\/738\/revisions"}],"predecessor-version":[{"id":745,"href":"https:\/\/rccacre.com.br\/site\/wp-json\/wp\/v2\/posts\/738\/revisions\/745"}],"wp:featuredmedia":[{"embeddable":true,"href":"https:\/\/rccacre.com.br\/site\/wp-json\/wp\/v2\/media\/739"}],"wp:attachment":[{"href":"https:\/\/rccacre.com.br\/site\/wp-json\/wp\/v2\/media?parent=738"}],"wp:term":[{"taxonomy":"category","embeddable":true,"href":"https:\/\/rccacre.com.br\/site\/wp-json\/wp\/v2\/categories?post=738"},{"taxonomy":"post_tag","embeddable":true,"href":"https:\/\/rccacre.com.br\/site\/wp-json\/wp\/v2\/tags?post=738"}],"curies":[{"name":"wp","href":"https:\/\/api.w.org\/{rel}","templated":true}]}}