{"id":84,"date":"2018-03-28T17:34:23","date_gmt":"2018-03-28T17:34:23","guid":{"rendered":"https:\/\/rccacre.com.br\/site\/?p=84"},"modified":"2018-03-28T17:34:23","modified_gmt":"2018-03-28T17:34:23","slug":"papa-agradece-policiais-que-garantem-a-seguranca-dos-peregrinos","status":"publish","type":"post","link":"https:\/\/rccacre.com.br\/site\/2018\/03\/28\/papa-agradece-policiais-que-garantem-a-seguranca-dos-peregrinos\/","title":{"rendered":"Papa agradece policiais que garantem a seguran\u00e7a dos peregrinos"},"content":{"rendered":"<p>Com o in\u00edcio da Semana Santa, fica suspensa a celebra\u00e7\u00e3o da missa matutina do Papa Francisco na capela da Casa Santa Marta.<\/p>\n<p>O Pont\u00edfice retoma as homilias di\u00e1rias na segunda-feira, 9 de abril.<\/p>\n<p>Mas at\u00e9 o tr\u00edduo pascal, permanece invari\u00e1vel a agenda do Papa, inclusive com a Audi\u00eancia Geral de quarta-feira.<\/p>\n<p><strong>Seguran\u00e7a P\u00fablica<\/strong><\/p>\n<p>Nesta segunda, Francisco concluiu sua s\u00e9rie de audi\u00eancias recebendo no Vaticano os agentes da Inspetoria de Seguran\u00e7a P\u00fablica junto ao Vaticano.<\/p>\n<p>O Papa agradeceu os policiais e funcion\u00e1rios pelo trabalho e a assist\u00eancia que prestam durante a celebra\u00e7\u00e3o dos ritos lit\u00fargicos na Pra\u00e7a S. Pedro, bem como por ocasi\u00e3o de suas visitas pastorais em Roma e fora da capital.<\/p>\n<p>\u201c Gra\u00e7as a sua discreta e eficaz obra de vigil\u00e2ncia, os peregrinos, que de todas as partes do mundo v\u00eam visitar o t\u00famulo do Ap\u00f3stolo Pedro, t\u00eam a possibilidade de viver em tranquilidade esta importante experi\u00eancia de f\u00e9. \u201d<\/p>\n<p><strong>Serenidade e ordem<\/strong><\/p>\n<p>O Vaticano, recordou o Papa, \u00e9 meta n\u00e3o s\u00f3 de crist\u00e3os oriundos de todo o mundo, mas tamb\u00e9m de representantes de v\u00e1rias religi\u00f5es, chefes de estado e altas personalidades eclesi\u00e1sticas e civis. \u201cGra\u00e7as tamb\u00e9m a seu trabalho, esses encontros de di\u00e1logo podem se realizar num clima de serenidade e de ordem.<\/p>\n<p>Por fim, Francisco dirigiu um pensamento especial aos familiares dos agentes de pol\u00edcia e desejou a todos uma boa P\u00e1scoa.<\/p>\n<p>Depois de conceder a sua b\u00ean\u00e7\u00e3o, o Papa improvisou algumas palavras para expressar mais uma vez a sua gratid\u00e3o pelo trabalho de sacrif\u00edcio dos policiais, e presentou a sede da Inspetoria com uma imagem de S\u00e3o Jos\u00e9 por representar a figura do \u201cguardi\u00e3o\u201d e, nesse sentido, muito similar \u00e0 miss\u00e3o dos agentes.<\/p>\n<p>Radio Vaticano<\/p>\n","protected":false},"excerpt":{"rendered":"<p>Com o in\u00edcio da Semana Santa, fica suspensa a celebra\u00e7\u00e3o da missa matutina do Papa Francisco na capela da Casa Santa Marta. O Pont\u00edfice retoma as homilias di\u00e1rias na segunda-feira, 9 de abril. Mas at\u00e9 o tr\u00edduo pascal, permanece invari\u00e1vel a agenda do Papa, inclusive com a Audi\u00eancia Geral de quarta-feira. Seguran\u00e7a P\u00fablica Nesta segunda, [&hellip;]<\/p>\n","protected":false},"author":2,"featured_media":85,"comment_status":"open","ping_status":"open","sticky":false,"template":"","format":"standard","meta":[],"categories":[3],"tags":[9,11,12,6,4,5,8,10,7],"_links":{"self":[{"href":"https:\/\/rccacre.com.br\/site\/wp-json\/wp\/v2\/posts\/84"}],"collection":[{"href":"https:\/\/rccacre.com.br\/site\/wp-json\/wp\/v2\/posts"}],"about":[{"href":"https:\/\/rccacre.com.br\/site\/wp-json\/wp\/v2\/types\/post"}],"author":[{"embeddable":true,"href":"https:\/\/rccacre.com.br\/site\/wp-json\/wp\/v2\/users\/2"}],"replies":[{"embeddable":true,"href":"https:\/\/rccacre.com.br\/site\/wp-json\/wp\/v2\/comments?post=84"}],"version-history":[{"count":1,"href":"https:\/\/rccacre.com.br\/site\/wp-json\/wp\/v2\/posts\/84\/revisions"}],"predecessor-version":[{"id":86,"href":"https:\/\/rccacre.com.br\/site\/wp-json\/wp\/v2\/posts\/84\/revisions\/86"}],"wp:featuredmedia":[{"embeddable":true,"href":"https:\/\/rccacre.com.br\/site\/wp-json\/wp\/v2\/media\/85"}],"wp:attachment":[{"href":"https:\/\/rccacre.com.br\/site\/wp-json\/wp\/v2\/media?parent=84"}],"wp:term":[{"taxonomy":"category","embeddable":true,"href":"https:\/\/rccacre.com.br\/site\/wp-json\/wp\/v2\/categories?post=84"},{"taxonomy":"post_tag","embeddable":true,"href":"https:\/\/rccacre.com.br\/site\/wp-json\/wp\/v2\/tags?post=84"}],"curies":[{"name":"wp","href":"https:\/\/api.w.org\/{rel}","templated":true}]}}