{"id":93,"date":"2018-03-28T17:37:50","date_gmt":"2018-03-28T17:37:50","guid":{"rendered":"https:\/\/rccacre.com.br\/site\/?p=93"},"modified":"2018-03-28T17:37:50","modified_gmt":"2018-03-28T17:37:50","slug":"papa-francisco-visita-bento-xvi-para-as-felicitacoes-de-pascoa","status":"publish","type":"post","link":"https:\/\/rccacre.com.br\/site\/2018\/03\/28\/papa-francisco-visita-bento-xvi-para-as-felicitacoes-de-pascoa\/","title":{"rendered":"Papa Francisco visita Bento XVI para as felicita\u00e7\u00f5es de P\u00e1scoa"},"content":{"rendered":"<p>Na tarde desta ter\u00e7a-feira, o Papa Francisco visitou Bento XVI no mosteiro Mater Ecclecia, no Vaticano, para os votos de Feliz P\u00e1scoa. A not\u00edcia foi confirmada pela Sala de Imprensa da Santa S\u00e9. O \u00faltimo encontro entre os dois foi no dia 21 de dezembro de 2017, por ocasi\u00e3o do Natal<\/p>\n<p>Radio Vaticano<\/p>\n","protected":false},"excerpt":{"rendered":"<p>Na tarde desta ter\u00e7a-feira, o Papa Francisco visitou Bento XVI no mosteiro Mater Ecclecia, no Vaticano, para os votos de Feliz P\u00e1scoa. A not\u00edcia foi confirmada pela Sala de Imprensa da Santa S\u00e9. O \u00faltimo encontro entre os dois foi no dia 21 de dezembro de 2017, por ocasi\u00e3o do Natal Radio Vaticano<\/p>\n","protected":false},"author":2,"featured_media":94,"comment_status":"open","ping_status":"open","sticky":false,"template":"","format":"standard","meta":[],"categories":[3],"tags":[9,11,12,6,4,5,8,10,7],"_links":{"self":[{"href":"https:\/\/rccacre.com.br\/site\/wp-json\/wp\/v2\/posts\/93"}],"collection":[{"href":"https:\/\/rccacre.com.br\/site\/wp-json\/wp\/v2\/posts"}],"about":[{"href":"https:\/\/rccacre.com.br\/site\/wp-json\/wp\/v2\/types\/post"}],"author":[{"embeddable":true,"href":"https:\/\/rccacre.com.br\/site\/wp-json\/wp\/v2\/users\/2"}],"replies":[{"embeddable":true,"href":"https:\/\/rccacre.com.br\/site\/wp-json\/wp\/v2\/comments?post=93"}],"version-history":[{"count":1,"href":"https:\/\/rccacre.com.br\/site\/wp-json\/wp\/v2\/posts\/93\/revisions"}],"predecessor-version":[{"id":95,"href":"https:\/\/rccacre.com.br\/site\/wp-json\/wp\/v2\/posts\/93\/revisions\/95"}],"wp:featuredmedia":[{"embeddable":true,"href":"https:\/\/rccacre.com.br\/site\/wp-json\/wp\/v2\/media\/94"}],"wp:attachment":[{"href":"https:\/\/rccacre.com.br\/site\/wp-json\/wp\/v2\/media?parent=93"}],"wp:term":[{"taxonomy":"category","embeddable":true,"href":"https:\/\/rccacre.com.br\/site\/wp-json\/wp\/v2\/categories?post=93"},{"taxonomy":"post_tag","embeddable":true,"href":"https:\/\/rccacre.com.br\/site\/wp-json\/wp\/v2\/tags?post=93"}],"curies":[{"name":"wp","href":"https:\/\/api.w.org\/{rel}","templated":true}]}}